{"id":75,"date":"2026-02-10T13:24:27","date_gmt":"2026-02-10T13:24:27","guid":{"rendered":"https:\/\/oulunjalankulkijat.fi\/?p=75"},"modified":"2026-04-03T19:10:53","modified_gmt":"2026-04-03T19:10:53","slug":"vuosikokous-17-2-2026","status":"publish","type":"post","link":"https:\/\/oulunjalankulkijat.fi\/index.php\/2026\/02\/10\/vuosikokous-17-2-2026\/","title":{"rendered":"Vuosikokous 8.4.2026"},"content":{"rendered":"\n<h4 class=\"wp-block-heading\">Kutsu vuosikokoukseen<\/h4>\n\n\n\n<p>Oulun jalankulkijat ry:n s\u00e4\u00e4nt\u00f6m\u00e4\u00e4r\u00e4inen vuosikokous pidet\u00e4\u00e4n 8.4.2026 klo 18.00 Keskustakirjasto Saaressa (os. Kaarlenv\u00e4yl\u00e4 3, 90100) kokoustilassa Niemi (huone 308, 3. kerros).\u00a0<\/p>\n\n\n\n<p>Paikalle ovat tervetulleita kaikki jalankulusta kiinnostuneet. \u00c4\u00e4nivaltaa kokouksissa k\u00e4ytt\u00e4\u00e4 yhdistyksen varsinaiset j\u00e4senet.&nbsp;<\/p>\n\n\n\n<p><a href=\"https:\/\/drive.google.com\/file\/d\/1sBxf8UrjF3yEGZia9Z8hUqoZee9mWBK9\/view?usp=drive_link\">Yhdistyksen s\u00e4\u00e4nn\u00f6t<\/a><\/p>\n\n\n\n<p>Vuosikokouksessa k\u00e4sitelt\u00e4v\u00e4t asiat<\/p>\n\n\n\n<ol class=\"wp-block-list\">\n<li>kokouksen avaus<\/li>\n\n\n\n<li>valitaan kokouksen puheenjohtaja, sihteeri, kaksi p\u00f6yt\u00e4kirjantarkastajaa ja kaksi \u00e4\u00e4ntenlaskijaa&nbsp;<\/li>\n\n\n\n<li>todetaan kokouksen laillisuus ja p\u00e4\u00e4t\u00f6svaltaisuus<\/li>\n\n\n\n<li>hyv\u00e4ksyt\u00e4\u00e4n kokouksen ty\u00f6j\u00e4rjestys<\/li>\n\n\n\n<li>esitet\u00e4\u00e4n edellisen vuoden vuosilaskelma, toimintakertomus ja toiminnantarkastajan lausunto<\/li>\n\n\n\n<li>p\u00e4\u00e4tet\u00e4\u00e4n tilinp\u00e4\u00e4t\u00f6ksen tai vuosilaskelman vahvistamisesta ja vastuuvapauden my\u00f6nt\u00e4misest\u00e4 hallitukselle ja muille vastuuvelvollisille<\/li>\n\n\n\n<li>vahvistetaan j\u00e4senmaksun ja kannatusj\u00e4senmaksun suuruus<\/li>\n\n\n\n<li>vahvistetaan tulevan vuoden toimintasuunnitelma ja talousarvio<\/li>\n\n\n\n<li>hyv\u00e4ksyt\u00e4\u00e4n yhdistyksen tavoitteet<\/li>\n\n\n\n<li>valitaan hallituksen puheenjohtaja<\/li>\n\n\n\n<li>valitaan muut hallituksen j\u00e4senet sek\u00e4 mahdolliset hallituksen varaj\u00e4senet<\/li>\n\n\n\n<li>valitaan tilintarkastaja tai toiminnantarkastaja ja varatilintarkastaja tai varatoiminnantarkastaja<\/li>\n\n\n\n<li>yhdistyksen ajankohtaiset asiat<\/li>\n\n\n\n<li>kokouksen p\u00e4\u00e4tt\u00e4minen<\/li>\n<\/ol>\n\n\n\n<p>Oulussa 1.4.2026<\/p>\n\n\n\n<p>Aino-Kaisa Manninen<br>puheenjohtaja<br>Oulun jalankulkijat ry<\/p>\n","protected":false},"excerpt":{"rendered":"<p>Kutsu vuosikokoukseen Oulun jalankulkijat ry:n s\u00e4\u00e4nt\u00f6m\u00e4\u00e4r\u00e4inen vuosikokous pidet\u00e4\u00e4n 8.4.2026 klo 18.00 Keskustakirjasto Saaressa (os. Kaarlenv\u00e4yl\u00e4 3, 90100) kokoustilassa Niemi (huone 308, 3. kerros).\u00a0 Paikalle ovat tervetulleita kaikki jalankulusta kiinnostuneet. \u00c4\u00e4nivaltaa kokouksissa k\u00e4ytt\u00e4\u00e4 yhdistyksen varsinaiset j\u00e4senet.&nbsp; Yhdistyksen s\u00e4\u00e4nn\u00f6t Vuosikokouksessa k\u00e4sitelt\u00e4v\u00e4t asiat Oulussa 1.4.2026 Aino-Kaisa ManninenpuheenjohtajaOulun jalankulkijat ry<\/p>\n","protected":false},"author":1,"featured_media":0,"comment_status":"open","ping_status":"open","sticky":false,"template":"","format":"standard","meta":{"footnotes":""},"categories":[1],"tags":[],"class_list":["post-75","post","type-post","status-publish","format-standard","hentry","category-uncategorized"],"_links":{"self":[{"href":"https:\/\/oulunjalankulkijat.fi\/index.php\/wp-json\/wp\/v2\/posts\/75","targetHints":{"allow":["GET"]}}],"collection":[{"href":"https:\/\/oulunjalankulkijat.fi\/index.php\/wp-json\/wp\/v2\/posts"}],"about":[{"href":"https:\/\/oulunjalankulkijat.fi\/index.php\/wp-json\/wp\/v2\/types\/post"}],"author":[{"embeddable":true,"href":"https:\/\/oulunjalankulkijat.fi\/index.php\/wp-json\/wp\/v2\/users\/1"}],"replies":[{"embeddable":true,"href":"https:\/\/oulunjalankulkijat.fi\/index.php\/wp-json\/wp\/v2\/comments?post=75"}],"version-history":[{"count":3,"href":"https:\/\/oulunjalankulkijat.fi\/index.php\/wp-json\/wp\/v2\/posts\/75\/revisions"}],"predecessor-version":[{"id":79,"href":"https:\/\/oulunjalankulkijat.fi\/index.php\/wp-json\/wp\/v2\/posts\/75\/revisions\/79"}],"wp:attachment":[{"href":"https:\/\/oulunjalankulkijat.fi\/index.php\/wp-json\/wp\/v2\/media?parent=75"}],"wp:term":[{"taxonomy":"category","embeddable":true,"href":"https:\/\/oulunjalankulkijat.fi\/index.php\/wp-json\/wp\/v2\/categories?post=75"},{"taxonomy":"post_tag","embeddable":true,"href":"https:\/\/oulunjalankulkijat.fi\/index.php\/wp-json\/wp\/v2\/tags?post=75"}],"curies":[{"name":"wp","href":"https:\/\/api.w.org\/{rel}","templated":true}]}}